



{"id":3993,"date":"2025-02-27T10:12:25","date_gmt":"2025-02-27T09:12:25","guid":{"rendered":"https:\/\/www.artechitalia.com\/web\/?p=3993"},"modified":"2025-04-03T10:12:44","modified_gmt":"2025-04-03T08:12:44","slug":"emergenze-aziendali-perche-il-gruppo-di-continuita-non-e-integrato-nelle-colonnine-esterne","status":"publish","type":"post","link":"https:\/\/www.artechitalia.com\/web\/emergenze-aziendali-perche-il-gruppo-di-continuita-non-e-integrato-nelle-colonnine-esterne\/","title":{"rendered":"Emergenze Aziendali: Perch\u00e9 il Gruppo di Continuit\u00e0 Non \u00e8 Integrato nelle Colonnine Esterne"},"content":{"rendered":"<p data-pm-slice=\"1 1 []\">Nel contesto della sicurezza aziendale, il sistema <strong>ARCAPASS<\/strong> rappresenta una soluzione avanzata per la gestione delle emergenze, sia simulate che reali. Una domanda che ci \u00e8 stata rivolta da diversi clienti riguarda la <strong>mancanza di un gruppo di continuit\u00e0 (UPS)<\/strong> integrato all\u2019interno della <strong>colonnina rossa di emergenza<\/strong>, posizionata nei punti di raccolta.<\/p>\n<p>\u2699\ufe0f <strong>Cosa fa la colonnina rossa?<\/strong> La colonnina consente ai dipendenti di <strong>autogiustificarsi<\/strong> durante l\u2019emergenza, semplicemente <strong>strisciando il badge RFID<\/strong> o <strong>inserendo il codice manualmente<\/strong> su uno dei due lettori laterali. Gestisce <strong>fino a tre file di persone contemporaneamente<\/strong>, costituendo un punto fondamentale per la raccolta delle presenze e per il monitoraggio in tempo reale durante una crisi.<\/p>\n<p>\u2753 <strong>Perch\u00e9 non integrare l\u2019UPS direttamente nella colonnina?<\/strong><\/p>\n<p>La scelta tecnica di non integrare un gruppo di continuit\u00e0 interno \u00e8 <strong>deliberata<\/strong> e <strong>giustificata<\/strong> da motivi ambientali e funzionali:<\/p>\n<p>\ud83c\udf1e <strong>Temperature Estreme Estive<\/strong>: le colonnine, installate all\u2019esterno (tipicamente in piazzali asfaltati o cementati), sono esposte <strong>alla luce solare diretta<\/strong>. In estate, la temperatura interna pu\u00f2 arrivare fino a <strong>100\u00b0C<\/strong>. Queste condizioni:<\/p>\n<ul data-spread=\"false\">\n<li>Mettono a dura prova qualsiasi batteria interna.<\/li>\n<li><strong>Compromettono la durata utile dell\u2019UPS<\/strong>.<\/li>\n<li>Riducono l\u2019affidabilit\u00e0 dell\u2019intero sistema.<\/li>\n<\/ul>\n<p>\u2744\ufe0f <strong>Condizioni Invernali<\/strong>: durante l\u2019inverno, l\u2019escursione termica pu\u00f2 portare a <strong>temperature sotto zero<\/strong>, altrettanto dannose per la salute delle batterie.<\/p>\n<p>\ud83d\udca1 <strong>Soluzione consigliata<\/strong> \u27a1\ufe0f Alimentare la colonnina tramite una <strong>linea elettrica protetta<\/strong>, collegata a un gruppo di continuit\u00e0 <strong>ubicato all\u2019interno dello stabilimento<\/strong>, dove le temperature sono controllate e la manutenzione \u00e8 pi\u00f9 agevole.<\/p>\n<p>\u2705 <strong>Vantaggi<\/strong>:<\/p>\n<ul data-spread=\"false\">\n<li>Maggiore <strong>durata e affidabilit\u00e0<\/strong> dell\u2019UPS.<\/li>\n<li>Manutenzione semplificata.<\/li>\n<li>Nessuna esposizione a condizioni climatiche critiche.<\/li>\n<\/ul>\n<p>\ud83d\udd2c <strong>Scelte progettuali avanzate<\/strong> La colonnina ARCAPASS utilizza componenti elettronici <strong>industriali o di tipo militare<\/strong>, selezionati proprio per resistere a <strong>condizioni estreme<\/strong>. Si tratta di una progettazione mirata alla <strong>continuit\u00e0 operativa anche nei momenti pi\u00f9 critici<\/strong>.<\/p>\n<p>La decisione di <strong>non inserire un gruppo di continuit\u00e0 nella colonnina esterna<\/strong> non \u00e8 un limite, ma una <strong>precauzione tecnica<\/strong> basata su esperienze reali e test ambientali approfonditi. Garantire <strong>funzionalit\u00e0, affidabilit\u00e0 e durata nel tempo<\/strong> \u00e8 per noi una priorit\u00e0 assoluta.<\/p>\n<p>&nbsp;<\/p>\n<p>Per qualsiasi informazione aggiuntiva non esitate a contattarci.<\/p>\n<p>&nbsp;<\/p>\n<p>&nbsp;<\/p>\n<p><iframe loading=\"lazy\" title=\"YouTube video player\" src=\"https:\/\/www.youtube.com\/embed\/DTDW5uLBUJ8?si=uADCr1OdyWDSGxFk\" width=\"560\" height=\"315\" frameborder=\"0\" allowfullscreen=\"allowfullscreen\"><\/iframe><\/p>\n<div class=\"pld-like-dislike-wrap pld-template-1\">\r\n    <div class=\"pld-like-wrap  pld-common-wrap\">\r\n    <a href=\"javascript:void(0)\" class=\"pld-like-trigger pld-like-dislike-trigger  \" title=\"Mi Piace\" data-post-id=\"3993\" data-trigger-type=\"like\" data-restriction=\"cookie\" data-already-liked=\"0\">\r\n                        <i class=\"fas fa-thumbs-up\"><\/i>\r\n                <\/a>\r\n    <span class=\"pld-like-count-wrap pld-count-wrap\">    <\/span>\r\n<\/div><div class=\"pld-dislike-wrap  pld-common-wrap\">\r\n    <a href=\"javascript:void(0)\" class=\"pld-dislike-trigger pld-like-dislike-trigger  \" title=\"Non mi piace\" data-post-id=\"3993\" data-trigger-type=\"dislike\" data-restriction=\"cookie\" data-already-liked=\"0\">\r\n                        <i class=\"fas fa-thumbs-down\"><\/i>\r\n                <\/a>\r\n    <span class=\"pld-dislike-count-wrap pld-count-wrap\"><\/span>\r\n<\/div><\/div>","protected":false},"excerpt":{"rendered":"<p>Nel contesto della sicurezza aziendale, il sistema ARCAPASS rappresenta una soluzione avanzata per la gestione delle emergenze, sia simulate che reali. Una domanda che ci \u00e8 stata rivolta da diversi clienti riguarda la mancanza di un gruppo di continuit\u00e0 (UPS) integrato all\u2019interno della colonnina rossa di emergenza, posizionata nei punti di raccolta. [&hellip;]<\/p>\n","protected":false},"author":1,"featured_media":3994,"comment_status":"closed","ping_status":"open","sticky":false,"template":"","format":"standard","meta":[],"categories":[8,3],"tags":[],"yoast_head":"<!-- This site is optimized with the Yoast SEO plugin v18.6 - https:\/\/yoast.com\/wordpress\/plugins\/seo\/ -->\n<title>Emergenze Aziendali: Perch\u00e9 il Gruppo di Continuit\u00e0 Non \u00e8 Integrato nelle Colonnine Esterne - Artech Srl<\/title>\n<meta name=\"description\" content=\"Scopri perch\u00e9 nel sistema ARCAPASS per emergenze aziendali il gruppo di continuit\u00e0 non \u00e8 integrato nella colonnina rossa e quali sono i vantaggi tecnici di questa scelta.\" \/>\n<meta name=\"robots\" content=\"index, follow, max-snippet:-1, max-image-preview:large, max-video-preview:-1\" \/>\n<link rel=\"canonical\" href=\"https:\/\/www.artechitalia.com\/web\/emergenze-aziendali-perche-il-gruppo-di-continuita-non-e-integrato-nelle-colonnine-esterne\/\" \/>\n<meta property=\"og:locale\" content=\"it_IT\" \/>\n<meta property=\"og:type\" content=\"article\" \/>\n<meta property=\"og:title\" content=\"Emergenze Aziendali: Perch\u00e9 il Gruppo di Continuit\u00e0 Non \u00e8 Integrato nelle Colonnine Esterne - Artech Srl\" \/>\n<meta property=\"og:description\" content=\"Scopri perch\u00e9 nel sistema ARCAPASS per emergenze aziendali il gruppo di continuit\u00e0 non \u00e8 integrato nella colonnina rossa e quali sono i vantaggi tecnici di questa scelta.\" \/>\n<meta property=\"og:url\" content=\"https:\/\/www.artechitalia.com\/web\/emergenze-aziendali-perche-il-gruppo-di-continuita-non-e-integrato-nelle-colonnine-esterne\/\" \/>\n<meta property=\"og:site_name\" content=\"Artech Srl\" \/>\n<meta property=\"article:published_time\" content=\"2025-02-27T09:12:25+00:00\" \/>\n<meta property=\"article:modified_time\" content=\"2025-04-03T08:12:44+00:00\" \/>\n<meta property=\"og:image\" content=\"https:\/\/www.artechitalia.com\/web\/wp-content\/uploads\/2025\/04\/1011_arcapass_colonnina_temperatura.jpg\" \/>\n\t<meta property=\"og:image:width\" content=\"1024\" \/>\n\t<meta property=\"og:image:height\" content=\"1024\" \/>\n\t<meta property=\"og:image:type\" content=\"image\/jpeg\" \/>\n<meta name=\"twitter:card\" content=\"summary\" \/>\n<script type=\"application\/ld+json\" class=\"yoast-schema-graph\">{\"@context\":\"https:\/\/schema.org\",\"@graph\":[{\"@type\":\"WebSite\",\"@id\":\"https:\/\/www.artechitalia.com\/web\/#website\",\"url\":\"https:\/\/www.artechitalia.com\/web\/\",\"name\":\"Artech Srl\",\"description\":\"Sistemi di Identificazione Automatica\",\"potentialAction\":[{\"@type\":\"SearchAction\",\"target\":{\"@type\":\"EntryPoint\",\"urlTemplate\":\"https:\/\/www.artechitalia.com\/web\/?s={search_term_string}\"},\"query-input\":\"required name=search_term_string\"}],\"inLanguage\":\"it-IT\"},{\"@type\":\"ImageObject\",\"@id\":\"https:\/\/www.artechitalia.com\/web\/emergenze-aziendali-perche-il-gruppo-di-continuita-non-e-integrato-nelle-colonnine-esterne\/#primaryimage\",\"inLanguage\":\"it-IT\",\"url\":\"https:\/\/www.artechitalia.com\/web\/wp-content\/uploads\/2025\/04\/1011_arcapass_colonnina_temperatura.jpg\",\"contentUrl\":\"https:\/\/www.artechitalia.com\/web\/wp-content\/uploads\/2025\/04\/1011_arcapass_colonnina_temperatura.jpg\",\"width\":1024,\"height\":1024,\"caption\":\"arcapass colonnina temperatura\"},{\"@type\":\"WebPage\",\"@id\":\"https:\/\/www.artechitalia.com\/web\/emergenze-aziendali-perche-il-gruppo-di-continuita-non-e-integrato-nelle-colonnine-esterne\/#webpage\",\"url\":\"https:\/\/www.artechitalia.com\/web\/emergenze-aziendali-perche-il-gruppo-di-continuita-non-e-integrato-nelle-colonnine-esterne\/\",\"name\":\"Emergenze Aziendali: Perch\u00e9 il Gruppo di Continuit\u00e0 Non \u00e8 Integrato nelle Colonnine Esterne - Artech Srl\",\"isPartOf\":{\"@id\":\"https:\/\/www.artechitalia.com\/web\/#website\"},\"primaryImageOfPage\":{\"@id\":\"https:\/\/www.artechitalia.com\/web\/emergenze-aziendali-perche-il-gruppo-di-continuita-non-e-integrato-nelle-colonnine-esterne\/#primaryimage\"},\"datePublished\":\"2025-02-27T09:12:25+00:00\",\"dateModified\":\"2025-04-03T08:12:44+00:00\",\"author\":{\"@id\":\"https:\/\/www.artechitalia.com\/web\/#\/schema\/person\/7e7d3a07f095e5d48e8f2f2b4c8ec6e5\"},\"description\":\"Scopri perch\u00e9 nel sistema ARCAPASS per emergenze aziendali il gruppo di continuit\u00e0 non \u00e8 integrato nella colonnina rossa e quali sono i vantaggi tecnici di questa scelta.\",\"breadcrumb\":{\"@id\":\"https:\/\/www.artechitalia.com\/web\/emergenze-aziendali-perche-il-gruppo-di-continuita-non-e-integrato-nelle-colonnine-esterne\/#breadcrumb\"},\"inLanguage\":\"it-IT\",\"potentialAction\":[{\"@type\":\"ReadAction\",\"target\":[\"https:\/\/www.artechitalia.com\/web\/emergenze-aziendali-perche-il-gruppo-di-continuita-non-e-integrato-nelle-colonnine-esterne\/\"]}]},{\"@type\":\"BreadcrumbList\",\"@id\":\"https:\/\/www.artechitalia.com\/web\/emergenze-aziendali-perche-il-gruppo-di-continuita-non-e-integrato-nelle-colonnine-esterne\/#breadcrumb\",\"itemListElement\":[{\"@type\":\"ListItem\",\"position\":1,\"name\":\"Home\",\"item\":\"https:\/\/www.artechitalia.com\/web\/\"},{\"@type\":\"ListItem\",\"position\":2,\"name\":\"Emergenze Aziendali: Perch\u00e9 il Gruppo di Continuit\u00e0 Non \u00e8 Integrato nelle Colonnine Esterne\"}]},{\"@type\":\"Person\",\"@id\":\"https:\/\/www.artechitalia.com\/web\/#\/schema\/person\/7e7d3a07f095e5d48e8f2f2b4c8ec6e5\",\"name\":\"webmaster\",\"image\":{\"@type\":\"ImageObject\",\"@id\":\"https:\/\/www.artechitalia.com\/web\/#personlogo\",\"inLanguage\":\"it-IT\",\"url\":\"https:\/\/secure.gravatar.com\/avatar\/5fb5c821643d2bba0f66f0a1c85727d8?s=96&d=mm&r=g\",\"contentUrl\":\"https:\/\/secure.gravatar.com\/avatar\/5fb5c821643d2bba0f66f0a1c85727d8?s=96&d=mm&r=g\",\"caption\":\"webmaster\"},\"url\":\"https:\/\/www.artechitalia.com\/web\/author\/webmaster\/\"}]}<\/script>\n<!-- \/ Yoast SEO plugin. -->","yoast_head_json":{"title":"Emergenze Aziendali: Perch\u00e9 il Gruppo di Continuit\u00e0 Non \u00e8 Integrato nelle Colonnine Esterne - Artech Srl","description":"Scopri perch\u00e9 nel sistema ARCAPASS per emergenze aziendali il gruppo di continuit\u00e0 non \u00e8 integrato nella colonnina rossa e quali sono i vantaggi tecnici di questa scelta.","robots":{"index":"index","follow":"follow","max-snippet":"max-snippet:-1","max-image-preview":"max-image-preview:large","max-video-preview":"max-video-preview:-1"},"canonical":"https:\/\/www.artechitalia.com\/web\/emergenze-aziendali-perche-il-gruppo-di-continuita-non-e-integrato-nelle-colonnine-esterne\/","og_locale":"it_IT","og_type":"article","og_title":"Emergenze Aziendali: Perch\u00e9 il Gruppo di Continuit\u00e0 Non \u00e8 Integrato nelle Colonnine Esterne - Artech Srl","og_description":"Scopri perch\u00e9 nel sistema ARCAPASS per emergenze aziendali il gruppo di continuit\u00e0 non \u00e8 integrato nella colonnina rossa e quali sono i vantaggi tecnici di questa scelta.","og_url":"https:\/\/www.artechitalia.com\/web\/emergenze-aziendali-perche-il-gruppo-di-continuita-non-e-integrato-nelle-colonnine-esterne\/","og_site_name":"Artech Srl","article_published_time":"2025-02-27T09:12:25+00:00","article_modified_time":"2025-04-03T08:12:44+00:00","og_image":[{"width":1024,"height":1024,"url":"https:\/\/www.artechitalia.com\/web\/wp-content\/uploads\/2025\/04\/1011_arcapass_colonnina_temperatura.jpg","type":"image\/jpeg"}],"twitter_card":"summary","schema":{"@context":"https:\/\/schema.org","@graph":[{"@type":"WebSite","@id":"https:\/\/www.artechitalia.com\/web\/#website","url":"https:\/\/www.artechitalia.com\/web\/","name":"Artech Srl","description":"Sistemi di Identificazione Automatica","potentialAction":[{"@type":"SearchAction","target":{"@type":"EntryPoint","urlTemplate":"https:\/\/www.artechitalia.com\/web\/?s={search_term_string}"},"query-input":"required name=search_term_string"}],"inLanguage":"it-IT"},{"@type":"ImageObject","@id":"https:\/\/www.artechitalia.com\/web\/emergenze-aziendali-perche-il-gruppo-di-continuita-non-e-integrato-nelle-colonnine-esterne\/#primaryimage","inLanguage":"it-IT","url":"https:\/\/www.artechitalia.com\/web\/wp-content\/uploads\/2025\/04\/1011_arcapass_colonnina_temperatura.jpg","contentUrl":"https:\/\/www.artechitalia.com\/web\/wp-content\/uploads\/2025\/04\/1011_arcapass_colonnina_temperatura.jpg","width":1024,"height":1024,"caption":"arcapass colonnina temperatura"},{"@type":"WebPage","@id":"https:\/\/www.artechitalia.com\/web\/emergenze-aziendali-perche-il-gruppo-di-continuita-non-e-integrato-nelle-colonnine-esterne\/#webpage","url":"https:\/\/www.artechitalia.com\/web\/emergenze-aziendali-perche-il-gruppo-di-continuita-non-e-integrato-nelle-colonnine-esterne\/","name":"Emergenze Aziendali: Perch\u00e9 il Gruppo di Continuit\u00e0 Non \u00e8 Integrato nelle Colonnine Esterne - Artech Srl","isPartOf":{"@id":"https:\/\/www.artechitalia.com\/web\/#website"},"primaryImageOfPage":{"@id":"https:\/\/www.artechitalia.com\/web\/emergenze-aziendali-perche-il-gruppo-di-continuita-non-e-integrato-nelle-colonnine-esterne\/#primaryimage"},"datePublished":"2025-02-27T09:12:25+00:00","dateModified":"2025-04-03T08:12:44+00:00","author":{"@id":"https:\/\/www.artechitalia.com\/web\/#\/schema\/person\/7e7d3a07f095e5d48e8f2f2b4c8ec6e5"},"description":"Scopri perch\u00e9 nel sistema ARCAPASS per emergenze aziendali il gruppo di continuit\u00e0 non \u00e8 integrato nella colonnina rossa e quali sono i vantaggi tecnici di questa scelta.","breadcrumb":{"@id":"https:\/\/www.artechitalia.com\/web\/emergenze-aziendali-perche-il-gruppo-di-continuita-non-e-integrato-nelle-colonnine-esterne\/#breadcrumb"},"inLanguage":"it-IT","potentialAction":[{"@type":"ReadAction","target":["https:\/\/www.artechitalia.com\/web\/emergenze-aziendali-perche-il-gruppo-di-continuita-non-e-integrato-nelle-colonnine-esterne\/"]}]},{"@type":"BreadcrumbList","@id":"https:\/\/www.artechitalia.com\/web\/emergenze-aziendali-perche-il-gruppo-di-continuita-non-e-integrato-nelle-colonnine-esterne\/#breadcrumb","itemListElement":[{"@type":"ListItem","position":1,"name":"Home","item":"https:\/\/www.artechitalia.com\/web\/"},{"@type":"ListItem","position":2,"name":"Emergenze Aziendali: Perch\u00e9 il Gruppo di Continuit\u00e0 Non \u00e8 Integrato nelle Colonnine Esterne"}]},{"@type":"Person","@id":"https:\/\/www.artechitalia.com\/web\/#\/schema\/person\/7e7d3a07f095e5d48e8f2f2b4c8ec6e5","name":"webmaster","image":{"@type":"ImageObject","@id":"https:\/\/www.artechitalia.com\/web\/#personlogo","inLanguage":"it-IT","url":"https:\/\/secure.gravatar.com\/avatar\/5fb5c821643d2bba0f66f0a1c85727d8?s=96&d=mm&r=g","contentUrl":"https:\/\/secure.gravatar.com\/avatar\/5fb5c821643d2bba0f66f0a1c85727d8?s=96&d=mm&r=g","caption":"webmaster"},"url":"https:\/\/www.artechitalia.com\/web\/author\/webmaster\/"}]}},"_links":{"self":[{"href":"https:\/\/www.artechitalia.com\/web\/wp-json\/wp\/v2\/posts\/3993"}],"collection":[{"href":"https:\/\/www.artechitalia.com\/web\/wp-json\/wp\/v2\/posts"}],"about":[{"href":"https:\/\/www.artechitalia.com\/web\/wp-json\/wp\/v2\/types\/post"}],"author":[{"embeddable":true,"href":"https:\/\/www.artechitalia.com\/web\/wp-json\/wp\/v2\/users\/1"}],"replies":[{"embeddable":true,"href":"https:\/\/www.artechitalia.com\/web\/wp-json\/wp\/v2\/comments?post=3993"}],"version-history":[{"count":1,"href":"https:\/\/www.artechitalia.com\/web\/wp-json\/wp\/v2\/posts\/3993\/revisions"}],"predecessor-version":[{"id":3995,"href":"https:\/\/www.artechitalia.com\/web\/wp-json\/wp\/v2\/posts\/3993\/revisions\/3995"}],"wp:featuredmedia":[{"embeddable":true,"href":"https:\/\/www.artechitalia.com\/web\/wp-json\/wp\/v2\/media\/3994"}],"wp:attachment":[{"href":"https:\/\/www.artechitalia.com\/web\/wp-json\/wp\/v2\/media?parent=3993"}],"wp:term":[{"taxonomy":"category","embeddable":true,"href":"https:\/\/www.artechitalia.com\/web\/wp-json\/wp\/v2\/categories?post=3993"},{"taxonomy":"post_tag","embeddable":true,"href":"https:\/\/www.artechitalia.com\/web\/wp-json\/wp\/v2\/tags?post=3993"}],"curies":[{"name":"wp","href":"https:\/\/api.w.org\/{rel}","templated":true}]}}