



{"id":4073,"date":"2025-04-04T13:38:16","date_gmt":"2025-04-04T11:38:16","guid":{"rendered":"https:\/\/www.artechitalia.com\/web\/?p=4073"},"modified":"2025-04-04T13:38:16","modified_gmt":"2025-04-04T11:38:16","slug":"marcatempo-aziendale-cosa-deve-davvero-fare-e-perche-no-la-chiavetta-usb-non-basta","status":"publish","type":"post","link":"https:\/\/www.artechitalia.com\/web\/marcatempo-aziendale-cosa-deve-davvero-fare-e-perche-no-la-chiavetta-usb-non-basta\/","title":{"rendered":"Marcatempo Aziendale: Cosa Deve Davvero Fare (e Perch\u00e9 No, la Chiavetta USB Non Basta)"},"content":{"rendered":"<p class=\"\" data-start=\"307\" data-end=\"742\">In un\u2019epoca in cui l\u2019automazione aziendale \u00e8 al centro della produttivit\u00e0 e del controllo organizzativo, <strong data-start=\"412\" data-end=\"429\">il marcatempo<\/strong> non pu\u00f2 pi\u00f9 essere un oggetto secondario, n\u00e9 tanto meno un semplice \u201cscatolotto\u201d da parete che scarica dati su una chiavetta USB. <strong data-start=\"560\" data-end=\"658\">La rilevazione delle presenze oggi richiede affidabilit\u00e0, flessibilit\u00e0, connettivit\u00e0 e potenza<\/strong>, ovvero tutto ci\u00f2 che un moderno terminale come il <strong data-start=\"710\" data-end=\"719\">IBRIX<\/strong> \u00e8 in grado di offrire.<\/p>\n<h2 class=\"\" data-start=\"744\" data-end=\"828\">\ud83d\udd27 Quando l\u2019hardware incontra l\u2019intelligenza: caratteristiche che contano davvero<\/h2>\n<p class=\"\" data-start=\"830\" data-end=\"1185\">Un terminale marcatempo professionale deve prima di tutto saper <strong data-start=\"894\" data-end=\"913\">operare in rete<\/strong>, in tempo reale, su sistemi LAN e anche wireless, integrandosi con le piattaforme software aziendali. Il modello IBRIX, ad esempio, \u00e8 basato su <strong data-start=\"1058\" data-end=\"1094\">sistema operativo Linux embedded<\/strong>, una scelta non banale che garantisce <strong data-start=\"1133\" data-end=\"1174\">stabilit\u00e0, aggiornabilit\u00e0 e sicurezza<\/strong> nel tempo.<\/p>\n<p class=\"\" data-start=\"1187\" data-end=\"1603\">Lo schermo touchscreen da <strong data-start=\"1213\" data-end=\"1235\">7 pollici a colori<\/strong>, ad alta definizione e con elevato contrasto, non \u00e8 solo un vezzo estetico: consente la <strong data-start=\"1324\" data-end=\"1372\">visualizzazione interattiva delle timbrature<\/strong>, la gestione delle causali di entrata e uscita e l\u2019inserimento dinamico di dati. L\u2019interfaccia utente \u00e8 personalizzabile e la <strong data-start=\"1499\" data-end=\"1533\">tastiera alfanumerica virtuale<\/strong> pu\u00f2 cambiare forma e contenuto a seconda delle esigenze dell\u2019azienda.<\/p>\n<p class=\"\" data-start=\"1605\" data-end=\"1898\">La memoria interna permette di memorizzare <strong data-start=\"1648\" data-end=\"1676\">oltre 50.000 transazioni<\/strong>, mantenendole anche in caso di blackout grazie alla batteria tampone e alla pila al litio di backup. L\u2019hardware \u00e8 inoltre <strong data-start=\"1799\" data-end=\"1834\">programmabile in teleassistenza<\/strong>, evitando interventi fisici e riducendo tempi di fermo e costi.<\/p>\n<h2 class=\"\" data-start=\"1900\" data-end=\"1932\">\ud83d\udce1 Connettivit\u00e0 e scalabilit\u00e0<\/h2>\n<p class=\"\" data-start=\"1934\" data-end=\"2287\">Essere pronti per la <strong data-start=\"1955\" data-end=\"1973\">rete aziendale<\/strong> \u00e8 un must. Interfacce Ethernet TCP\/IP da 10\/100 Mbit e opzioni Wi-Fi 802.11b\/g\/n permettono al dispositivo di integrarsi in qualsiasi infrastruttura, anche complessa. Le <strong data-start=\"2144\" data-end=\"2166\">porte I\/O multiple<\/strong> consentono collegamenti con lettori RFID di varie tecnologie, rel\u00e8 per controllo varchi e altri dispositivi industriali.<\/p>\n<p class=\"\" data-start=\"2289\" data-end=\"2491\">E non dimentichiamo la <strong data-start=\"2312\" data-end=\"2326\">modularit\u00e0<\/strong>: grazie a un firmware flessibile e aggiornabile, il marcatempo pu\u00f2 essere evoluto nel tempo, senza sostituire l\u2019intero apparato. Altro che obsolescenza programmata.<\/p>\n<h2 class=\"\" data-start=\"2493\" data-end=\"2548\">\u2699\ufe0f La fatica dietro un prodotto realmente affidabile<\/h2>\n<p class=\"\" data-start=\"2550\" data-end=\"2761\">Progettare e costruire un terminale di questo tipo <strong data-start=\"2601\" data-end=\"2629\">non \u00e8 un\u2019impresa da poco<\/strong>. A differenza di molte \u201ccinesate\u201d economiche che si limitano a una logica da pendrive con bottone, un prodotto come IBRIX richiede:<\/p>\n<ul data-start=\"2763\" data-end=\"3070\">\n<li class=\"\" data-start=\"2763\" data-end=\"2831\">\n<p class=\"\" data-start=\"2765\" data-end=\"2831\">progettazione elettronica avanzata (ARM9 32-bit, RAM espandibile),<\/p>\n<\/li>\n<li class=\"\" data-start=\"2832\" data-end=\"2879\">\n<p class=\"\" data-start=\"2834\" data-end=\"2879\">sviluppo firmware proprietario su base Linux,<\/p>\n<\/li>\n<li class=\"\" data-start=\"2880\" data-end=\"2958\">\n<p class=\"\" data-start=\"2882\" data-end=\"2958\">ingegnerizzazione della scocca in <strong data-start=\"2916\" data-end=\"2932\">ABS ignifugo<\/strong> con standard industriali,<\/p>\n<\/li>\n<li class=\"\" data-start=\"2959\" data-end=\"3013\">\n<p class=\"\" data-start=\"2961\" data-end=\"3013\">test di resistenza meccanica e continuit\u00e0 elettrica,<\/p>\n<\/li>\n<li class=\"\" data-start=\"3014\" data-end=\"3070\">\n<p class=\"\" data-start=\"3016\" data-end=\"3070\">supporto tecnico e aggiornabilit\u00e0 garantita nel tempo.<\/p>\n<\/li>\n<\/ul>\n<p class=\"\" data-start=\"3072\" data-end=\"3210\">Tutto questo rappresenta <strong data-start=\"3097\" data-end=\"3161\">un investimento serio in ricerca, progettazione e produzione<\/strong>, che solo chi crede nella qualit\u00e0 pu\u00f2 sostenere.<\/p>\n<h2 class=\"\" data-start=\"3212\" data-end=\"3266\">\ud83e\udde0 Il vero valore? Affidabilit\u00e0, anche dopo 15 anni<\/h2>\n<p class=\"\" data-start=\"3268\" data-end=\"3591\">Un terminale ben progettato <strong data-start=\"3296\" data-end=\"3327\">non si cambia ogni due anni<\/strong>. Ci sono aziende italiane in cui i marcatempo IBRIX funzionano da <strong data-start=\"3394\" data-end=\"3411\">oltre 15 anni<\/strong>. Nessuna chiavetta USB, nessun dispositivo da cambiare quando cambia Windows o cade il Wi-Fi. Solo <strong data-start=\"3511\" data-end=\"3546\">solidit\u00e0 e continuit\u00e0 operativa<\/strong>, anche in ambienti industriali o all\u2019aperto. Quando si parla di rilevazione presenze, il risparmio iniziale su un dispositivo economico spesso si trasforma in <strong data-start=\"3725\" data-end=\"3742\">costi occulti<\/strong>, manutenzione, scarsa affidabilit\u00e0 e difficolt\u00e0 d\u2019uso. Un marcatempo come IBRIX, invece, \u00e8 una <strong data-start=\"3838\" data-end=\"3862\">piattaforma completa<\/strong> che integra tecnologia avanzata, robustezza industriale e facilit\u00e0 d\u2019uso. Una scelta imprenditoriale consapevole, non un compromesso.<\/p>\n<p data-start=\"3268\" data-end=\"3591\">\n<p data-start=\"3268\" data-end=\"3591\">Per qualsiasi necessit\u00e0 o la richiesta di preventivo non esitate a contattarci.<\/p>\n<p data-start=\"3268\" data-end=\"3591\">\n<p data-start=\"3268\" data-end=\"3591\">\n<p><iframe loading=\"lazy\" title=\"YouTube video player\" src=\"https:\/\/www.youtube.com\/embed\/2NERA3HK624?si=GVEnpNvUzpdiJWDb\" width=\"560\" height=\"315\" frameborder=\"0\" allowfullscreen=\"allowfullscreen\"><\/iframe><\/p>\n<div class=\"pld-like-dislike-wrap pld-template-1\">\r\n    <div class=\"pld-like-wrap  pld-common-wrap\">\r\n    <a href=\"javascript:void(0)\" class=\"pld-like-trigger pld-like-dislike-trigger  \" title=\"Mi Piace\" data-post-id=\"4073\" data-trigger-type=\"like\" data-restriction=\"cookie\" data-already-liked=\"0\">\r\n                        <i class=\"fas fa-thumbs-up\"><\/i>\r\n                <\/a>\r\n    <span class=\"pld-like-count-wrap pld-count-wrap\">    <\/span>\r\n<\/div><div class=\"pld-dislike-wrap  pld-common-wrap\">\r\n    <a href=\"javascript:void(0)\" class=\"pld-dislike-trigger pld-like-dislike-trigger  \" title=\"Non mi piace\" data-post-id=\"4073\" data-trigger-type=\"dislike\" data-restriction=\"cookie\" data-already-liked=\"0\">\r\n                        <i class=\"fas fa-thumbs-down\"><\/i>\r\n                <\/a>\r\n    <span class=\"pld-dislike-count-wrap pld-count-wrap\"><\/span>\r\n<\/div><\/div>","protected":false},"excerpt":{"rendered":"<p>In un\u2019epoca in cui l\u2019automazione aziendale \u00e8 al centro della produttivit\u00e0 e del controllo organizzativo, il marcatempo non pu\u00f2 pi\u00f9 essere un oggetto secondario, n\u00e9 tanto meno un semplice \u201cscatolotto\u201d da parete che scarica dati su una chiavetta USB. La rilevazione delle presenze oggi richiede affidabilit\u00e0, flessibilit\u00e0, connettivit\u00e0 e potenza, ovvero tutto [&hellip;]<\/p>\n","protected":false},"author":1,"featured_media":4074,"comment_status":"closed","ping_status":"open","sticky":false,"template":"","format":"standard","meta":[],"categories":[3,1],"tags":[],"yoast_head":"<!-- This site is optimized with the Yoast SEO plugin v18.6 - https:\/\/yoast.com\/wordpress\/plugins\/seo\/ -->\n<title>Marcatempo Aziendale: Cosa Deve Davvero Fare (e Perch\u00e9 No, la Chiavetta USB Non Basta) - Artech Srl<\/title>\n<meta name=\"description\" content=\"Scopri le caratteristiche essenziali di un marcatempo aziendale professionale: perch\u00e9 scegliere un terminale evoluto con sistema Linux \u00e8 meglio di una soluzione economica a chiavetta USB.\" \/>\n<meta name=\"robots\" content=\"index, follow, max-snippet:-1, max-image-preview:large, max-video-preview:-1\" \/>\n<link rel=\"canonical\" href=\"https:\/\/www.artechitalia.com\/web\/marcatempo-aziendale-cosa-deve-davvero-fare-e-perche-no-la-chiavetta-usb-non-basta\/\" \/>\n<meta property=\"og:locale\" content=\"it_IT\" \/>\n<meta property=\"og:type\" content=\"article\" \/>\n<meta property=\"og:title\" content=\"Marcatempo Aziendale: Cosa Deve Davvero Fare (e Perch\u00e9 No, la Chiavetta USB Non Basta) - Artech Srl\" \/>\n<meta property=\"og:description\" content=\"Scopri le caratteristiche essenziali di un marcatempo aziendale professionale: perch\u00e9 scegliere un terminale evoluto con sistema Linux \u00e8 meglio di una soluzione economica a chiavetta USB.\" \/>\n<meta property=\"og:url\" content=\"https:\/\/www.artechitalia.com\/web\/marcatempo-aziendale-cosa-deve-davvero-fare-e-perche-no-la-chiavetta-usb-non-basta\/\" \/>\n<meta property=\"og:site_name\" content=\"Artech Srl\" \/>\n<meta property=\"article:published_time\" content=\"2025-04-04T11:38:16+00:00\" \/>\n<meta property=\"og:image\" content=\"https:\/\/www.artechitalia.com\/web\/wp-content\/uploads\/2025\/04\/1331_marcatempo_aziendale.jpg\" \/>\n\t<meta property=\"og:image:width\" content=\"1024\" \/>\n\t<meta property=\"og:image:height\" content=\"1024\" \/>\n\t<meta property=\"og:image:type\" content=\"image\/jpeg\" \/>\n<meta name=\"twitter:card\" content=\"summary\" \/>\n<script type=\"application\/ld+json\" class=\"yoast-schema-graph\">{\"@context\":\"https:\/\/schema.org\",\"@graph\":[{\"@type\":\"WebSite\",\"@id\":\"https:\/\/www.artechitalia.com\/web\/#website\",\"url\":\"https:\/\/www.artechitalia.com\/web\/\",\"name\":\"Artech Srl\",\"description\":\"Sistemi di Identificazione Automatica\",\"potentialAction\":[{\"@type\":\"SearchAction\",\"target\":{\"@type\":\"EntryPoint\",\"urlTemplate\":\"https:\/\/www.artechitalia.com\/web\/?s={search_term_string}\"},\"query-input\":\"required name=search_term_string\"}],\"inLanguage\":\"it-IT\"},{\"@type\":\"ImageObject\",\"@id\":\"https:\/\/www.artechitalia.com\/web\/marcatempo-aziendale-cosa-deve-davvero-fare-e-perche-no-la-chiavetta-usb-non-basta\/#primaryimage\",\"inLanguage\":\"it-IT\",\"url\":\"https:\/\/www.artechitalia.com\/web\/wp-content\/uploads\/2025\/04\/1331_marcatempo_aziendale.jpg\",\"contentUrl\":\"https:\/\/www.artechitalia.com\/web\/wp-content\/uploads\/2025\/04\/1331_marcatempo_aziendale.jpg\",\"width\":1024,\"height\":1024,\"caption\":\"marcatempo aziendale\"},{\"@type\":\"WebPage\",\"@id\":\"https:\/\/www.artechitalia.com\/web\/marcatempo-aziendale-cosa-deve-davvero-fare-e-perche-no-la-chiavetta-usb-non-basta\/#webpage\",\"url\":\"https:\/\/www.artechitalia.com\/web\/marcatempo-aziendale-cosa-deve-davvero-fare-e-perche-no-la-chiavetta-usb-non-basta\/\",\"name\":\"Marcatempo Aziendale: Cosa Deve Davvero Fare (e Perch\u00e9 No, la Chiavetta USB Non Basta) - Artech Srl\",\"isPartOf\":{\"@id\":\"https:\/\/www.artechitalia.com\/web\/#website\"},\"primaryImageOfPage\":{\"@id\":\"https:\/\/www.artechitalia.com\/web\/marcatempo-aziendale-cosa-deve-davvero-fare-e-perche-no-la-chiavetta-usb-non-basta\/#primaryimage\"},\"datePublished\":\"2025-04-04T11:38:16+00:00\",\"dateModified\":\"2025-04-04T11:38:16+00:00\",\"author\":{\"@id\":\"https:\/\/www.artechitalia.com\/web\/#\/schema\/person\/7e7d3a07f095e5d48e8f2f2b4c8ec6e5\"},\"description\":\"Scopri le caratteristiche essenziali di un marcatempo aziendale professionale: perch\u00e9 scegliere un terminale evoluto con sistema Linux \u00e8 meglio di una soluzione economica a chiavetta USB.\",\"breadcrumb\":{\"@id\":\"https:\/\/www.artechitalia.com\/web\/marcatempo-aziendale-cosa-deve-davvero-fare-e-perche-no-la-chiavetta-usb-non-basta\/#breadcrumb\"},\"inLanguage\":\"it-IT\",\"potentialAction\":[{\"@type\":\"ReadAction\",\"target\":[\"https:\/\/www.artechitalia.com\/web\/marcatempo-aziendale-cosa-deve-davvero-fare-e-perche-no-la-chiavetta-usb-non-basta\/\"]}]},{\"@type\":\"BreadcrumbList\",\"@id\":\"https:\/\/www.artechitalia.com\/web\/marcatempo-aziendale-cosa-deve-davvero-fare-e-perche-no-la-chiavetta-usb-non-basta\/#breadcrumb\",\"itemListElement\":[{\"@type\":\"ListItem\",\"position\":1,\"name\":\"Home\",\"item\":\"https:\/\/www.artechitalia.com\/web\/\"},{\"@type\":\"ListItem\",\"position\":2,\"name\":\"Marcatempo Aziendale: Cosa Deve Davvero Fare (e Perch\u00e9 No, la Chiavetta USB Non Basta)\"}]},{\"@type\":\"Person\",\"@id\":\"https:\/\/www.artechitalia.com\/web\/#\/schema\/person\/7e7d3a07f095e5d48e8f2f2b4c8ec6e5\",\"name\":\"webmaster\",\"image\":{\"@type\":\"ImageObject\",\"@id\":\"https:\/\/www.artechitalia.com\/web\/#personlogo\",\"inLanguage\":\"it-IT\",\"url\":\"https:\/\/secure.gravatar.com\/avatar\/5fb5c821643d2bba0f66f0a1c85727d8?s=96&d=mm&r=g\",\"contentUrl\":\"https:\/\/secure.gravatar.com\/avatar\/5fb5c821643d2bba0f66f0a1c85727d8?s=96&d=mm&r=g\",\"caption\":\"webmaster\"},\"url\":\"https:\/\/www.artechitalia.com\/web\/author\/webmaster\/\"}]}<\/script>\n<!-- \/ Yoast SEO plugin. -->","yoast_head_json":{"title":"Marcatempo Aziendale: Cosa Deve Davvero Fare (e Perch\u00e9 No, la Chiavetta USB Non Basta) - Artech Srl","description":"Scopri le caratteristiche essenziali di un marcatempo aziendale professionale: perch\u00e9 scegliere un terminale evoluto con sistema Linux \u00e8 meglio di una soluzione economica a chiavetta USB.","robots":{"index":"index","follow":"follow","max-snippet":"max-snippet:-1","max-image-preview":"max-image-preview:large","max-video-preview":"max-video-preview:-1"},"canonical":"https:\/\/www.artechitalia.com\/web\/marcatempo-aziendale-cosa-deve-davvero-fare-e-perche-no-la-chiavetta-usb-non-basta\/","og_locale":"it_IT","og_type":"article","og_title":"Marcatempo Aziendale: Cosa Deve Davvero Fare (e Perch\u00e9 No, la Chiavetta USB Non Basta) - Artech Srl","og_description":"Scopri le caratteristiche essenziali di un marcatempo aziendale professionale: perch\u00e9 scegliere un terminale evoluto con sistema Linux \u00e8 meglio di una soluzione economica a chiavetta USB.","og_url":"https:\/\/www.artechitalia.com\/web\/marcatempo-aziendale-cosa-deve-davvero-fare-e-perche-no-la-chiavetta-usb-non-basta\/","og_site_name":"Artech Srl","article_published_time":"2025-04-04T11:38:16+00:00","og_image":[{"width":1024,"height":1024,"url":"https:\/\/www.artechitalia.com\/web\/wp-content\/uploads\/2025\/04\/1331_marcatempo_aziendale.jpg","type":"image\/jpeg"}],"twitter_card":"summary","schema":{"@context":"https:\/\/schema.org","@graph":[{"@type":"WebSite","@id":"https:\/\/www.artechitalia.com\/web\/#website","url":"https:\/\/www.artechitalia.com\/web\/","name":"Artech Srl","description":"Sistemi di Identificazione Automatica","potentialAction":[{"@type":"SearchAction","target":{"@type":"EntryPoint","urlTemplate":"https:\/\/www.artechitalia.com\/web\/?s={search_term_string}"},"query-input":"required name=search_term_string"}],"inLanguage":"it-IT"},{"@type":"ImageObject","@id":"https:\/\/www.artechitalia.com\/web\/marcatempo-aziendale-cosa-deve-davvero-fare-e-perche-no-la-chiavetta-usb-non-basta\/#primaryimage","inLanguage":"it-IT","url":"https:\/\/www.artechitalia.com\/web\/wp-content\/uploads\/2025\/04\/1331_marcatempo_aziendale.jpg","contentUrl":"https:\/\/www.artechitalia.com\/web\/wp-content\/uploads\/2025\/04\/1331_marcatempo_aziendale.jpg","width":1024,"height":1024,"caption":"marcatempo aziendale"},{"@type":"WebPage","@id":"https:\/\/www.artechitalia.com\/web\/marcatempo-aziendale-cosa-deve-davvero-fare-e-perche-no-la-chiavetta-usb-non-basta\/#webpage","url":"https:\/\/www.artechitalia.com\/web\/marcatempo-aziendale-cosa-deve-davvero-fare-e-perche-no-la-chiavetta-usb-non-basta\/","name":"Marcatempo Aziendale: Cosa Deve Davvero Fare (e Perch\u00e9 No, la Chiavetta USB Non Basta) - Artech Srl","isPartOf":{"@id":"https:\/\/www.artechitalia.com\/web\/#website"},"primaryImageOfPage":{"@id":"https:\/\/www.artechitalia.com\/web\/marcatempo-aziendale-cosa-deve-davvero-fare-e-perche-no-la-chiavetta-usb-non-basta\/#primaryimage"},"datePublished":"2025-04-04T11:38:16+00:00","dateModified":"2025-04-04T11:38:16+00:00","author":{"@id":"https:\/\/www.artechitalia.com\/web\/#\/schema\/person\/7e7d3a07f095e5d48e8f2f2b4c8ec6e5"},"description":"Scopri le caratteristiche essenziali di un marcatempo aziendale professionale: perch\u00e9 scegliere un terminale evoluto con sistema Linux \u00e8 meglio di una soluzione economica a chiavetta USB.","breadcrumb":{"@id":"https:\/\/www.artechitalia.com\/web\/marcatempo-aziendale-cosa-deve-davvero-fare-e-perche-no-la-chiavetta-usb-non-basta\/#breadcrumb"},"inLanguage":"it-IT","potentialAction":[{"@type":"ReadAction","target":["https:\/\/www.artechitalia.com\/web\/marcatempo-aziendale-cosa-deve-davvero-fare-e-perche-no-la-chiavetta-usb-non-basta\/"]}]},{"@type":"BreadcrumbList","@id":"https:\/\/www.artechitalia.com\/web\/marcatempo-aziendale-cosa-deve-davvero-fare-e-perche-no-la-chiavetta-usb-non-basta\/#breadcrumb","itemListElement":[{"@type":"ListItem","position":1,"name":"Home","item":"https:\/\/www.artechitalia.com\/web\/"},{"@type":"ListItem","position":2,"name":"Marcatempo Aziendale: Cosa Deve Davvero Fare (e Perch\u00e9 No, la Chiavetta USB Non Basta)"}]},{"@type":"Person","@id":"https:\/\/www.artechitalia.com\/web\/#\/schema\/person\/7e7d3a07f095e5d48e8f2f2b4c8ec6e5","name":"webmaster","image":{"@type":"ImageObject","@id":"https:\/\/www.artechitalia.com\/web\/#personlogo","inLanguage":"it-IT","url":"https:\/\/secure.gravatar.com\/avatar\/5fb5c821643d2bba0f66f0a1c85727d8?s=96&d=mm&r=g","contentUrl":"https:\/\/secure.gravatar.com\/avatar\/5fb5c821643d2bba0f66f0a1c85727d8?s=96&d=mm&r=g","caption":"webmaster"},"url":"https:\/\/www.artechitalia.com\/web\/author\/webmaster\/"}]}},"_links":{"self":[{"href":"https:\/\/www.artechitalia.com\/web\/wp-json\/wp\/v2\/posts\/4073"}],"collection":[{"href":"https:\/\/www.artechitalia.com\/web\/wp-json\/wp\/v2\/posts"}],"about":[{"href":"https:\/\/www.artechitalia.com\/web\/wp-json\/wp\/v2\/types\/post"}],"author":[{"embeddable":true,"href":"https:\/\/www.artechitalia.com\/web\/wp-json\/wp\/v2\/users\/1"}],"replies":[{"embeddable":true,"href":"https:\/\/www.artechitalia.com\/web\/wp-json\/wp\/v2\/comments?post=4073"}],"version-history":[{"count":1,"href":"https:\/\/www.artechitalia.com\/web\/wp-json\/wp\/v2\/posts\/4073\/revisions"}],"predecessor-version":[{"id":4075,"href":"https:\/\/www.artechitalia.com\/web\/wp-json\/wp\/v2\/posts\/4073\/revisions\/4075"}],"wp:featuredmedia":[{"embeddable":true,"href":"https:\/\/www.artechitalia.com\/web\/wp-json\/wp\/v2\/media\/4074"}],"wp:attachment":[{"href":"https:\/\/www.artechitalia.com\/web\/wp-json\/wp\/v2\/media?parent=4073"}],"wp:term":[{"taxonomy":"category","embeddable":true,"href":"https:\/\/www.artechitalia.com\/web\/wp-json\/wp\/v2\/categories?post=4073"},{"taxonomy":"post_tag","embeddable":true,"href":"https:\/\/www.artechitalia.com\/web\/wp-json\/wp\/v2\/tags?post=4073"}],"curies":[{"name":"wp","href":"https:\/\/api.w.org\/{rel}","templated":true}]}}