



{"id":4103,"date":"2025-03-06T11:23:11","date_gmt":"2025-03-06T10:23:11","guid":{"rendered":"https:\/\/www.artechitalia.com\/web\/?p=4103"},"modified":"2025-04-08T23:24:00","modified_gmt":"2025-04-08T21:24:00","slug":"lintegrazione-del-controllo-accessi-nella-rilevazione-delle-presenze","status":"publish","type":"post","link":"https:\/\/www.artechitalia.com\/web\/lintegrazione-del-controllo-accessi-nella-rilevazione-delle-presenze\/","title":{"rendered":"L&#8217;integrazione del Controllo Accessi nella Rilevazione delle Presenze"},"content":{"rendered":"<p data-start=\"242\" data-end=\"361\"><strong>In un contesto aziendale sempre pi\u00f9 attento a efficienza e sicurezza, integrare controllo accessi e rilevazione presenze \u00e8 una mossa strategica. Questo articolo ti mostra come un sistema integrato pu\u00f2 semplificare la gestione amministrativa, automatizzare processi e rafforzare la sicurezza aziendale grazie a un monitoraggio centralizzato e in tempo reale.<\/strong><\/p>\n<p data-start=\"242\" data-end=\"361\"><span class=\"relative -mx-px my-[-0.2rem] rounded px-px py-[0.2rem]\">L&#8217;efficienza operativa e la sicurezza sono priorit\u00e0 fondamentali.<\/span> <span class=\"relative -mx-px my-[-0.2rem] rounded px-px py-[0.2rem]\">L&#8217;integrazione tra i sistemi di <strong data-start=\"32\" data-end=\"59\">controllo degli accessi<\/strong> e la <strong data-start=\"65\" data-end=\"95\">rilevazione delle presenze<\/strong> rappresenta una soluzione strategica per ottimizzare la gestione del personale e garantire un ambiente di lavoro sicuro.<\/span>\u200b<\/p>\n<p data-start=\"363\" data-end=\"455\"><strong data-start=\"363\" data-end=\"411\">\u200b<span class=\"relative -mx-px my-[-0.2rem] rounded px-px py-[0.2rem]\">Vantaggi dell&#8217;Integrazione:<\/span><\/strong>\u200b<\/p>\n<ul data-start=\"457\" data-end=\"793\">\n<li data-start=\"457\" data-end=\"567\"><strong data-start=\"459\" data-end=\"485\">Anagrafiche Unificate:<\/strong> <span class=\"relative -mx-px my-[-0.2rem] rounded px-px py-[0.2rem]\">Una gestione centralizzata delle informazioni dei dipendenti elimina duplicazioni e riduce gli errori amministrativi.<\/span>\u200b<\/li>\n<li data-start=\"568\" data-end=\"681\"><strong data-start=\"570\" data-end=\"599\">Automazione dei Processi:<\/strong> <span class=\"relative -mx-px my-[-0.2rem] rounded px-px py-[0.2rem]\">L&#8217;integrazione consente l&#8217;automazione di operazioni manuali, liberando risorse e aumentando l&#8217;efficienza.<\/span><\/li>\n<li data-start=\"682\" data-end=\"793\"><strong data-start=\"684\" data-end=\"709\">Sicurezza Potenziata:<\/strong> <span class=\"relative -mx-px my-[-0.2rem] rounded px-px py-[0.2rem]\">Monitorare in tempo reale gli accessi e le presenze permette una risposta immediata in caso di anomalie o emergenze.<\/span>\u200b<\/li>\n<\/ul>\n<p data-start=\"795\" data-end=\"891\"><strong data-start=\"795\" data-end=\"845\">\u200b<\/strong><span class=\"relative -mx-px my-[-0.2rem] rounded px-px py-[0.2rem]\">Implementare un sistema integrato di controllo accessi e rilevazione presenze \u00e8 una scelta strategica che offre numerosi vantaggi, dalla semplificazione amministrativa al miglioramento della sicurezza.<\/span> <span class=\"relative -mx-px my-[-0.2rem] rounded px-px py-[0.2rem]\">Le aziende che adottano queste soluzioni possono beneficiare di processi pi\u00f9 snelli e di un ambiente di lavoro pi\u00f9 protetto.<\/span><\/p>\n<p data-start=\"1158\" data-end=\"1283\"><strong>Per qualsiasi informazione aggiuntiva potete contattarci tramite l&#8217;apposita form.<\/strong><\/p>\n<p><iframe loading=\"lazy\" title=\"YouTube video player\" src=\"https:\/\/www.youtube.com\/embed\/CHq3lyt4-L8?si=UamfwCTDTUt_GIEH\" width=\"560\" height=\"315\" frameborder=\"0\" allowfullscreen=\"allowfullscreen\"><\/iframe><\/p>\n<div class=\"pld-like-dislike-wrap pld-template-1\">\r\n    <div class=\"pld-like-wrap  pld-common-wrap\">\r\n    <a href=\"javascript:void(0)\" class=\"pld-like-trigger pld-like-dislike-trigger  \" title=\"Mi Piace\" data-post-id=\"4103\" data-trigger-type=\"like\" data-restriction=\"cookie\" data-already-liked=\"0\">\r\n                        <i class=\"fas fa-thumbs-up\"><\/i>\r\n                <\/a>\r\n    <span class=\"pld-like-count-wrap pld-count-wrap\">    <\/span>\r\n<\/div><div class=\"pld-dislike-wrap  pld-common-wrap\">\r\n    <a href=\"javascript:void(0)\" class=\"pld-dislike-trigger pld-like-dislike-trigger  \" title=\"Non mi piace\" data-post-id=\"4103\" data-trigger-type=\"dislike\" data-restriction=\"cookie\" data-already-liked=\"0\">\r\n                        <i class=\"fas fa-thumbs-down\"><\/i>\r\n                <\/a>\r\n    <span class=\"pld-dislike-count-wrap pld-count-wrap\"><\/span>\r\n<\/div><\/div>","protected":false},"excerpt":{"rendered":"<p>In un contesto aziendale sempre pi\u00f9 attento a efficienza e sicurezza, integrare controllo accessi e rilevazione presenze \u00e8 una mossa strategica. Questo articolo ti mostra come un sistema integrato pu\u00f2 semplificare la gestione amministrativa, automatizzare processi e rafforzare la sicurezza aziendale grazie a un monitoraggio centralizzato e in tempo reale. L&#8217;efficienza operativa [&hellip;]<\/p>\n","protected":false},"author":1,"featured_media":3848,"comment_status":"closed","ping_status":"open","sticky":false,"template":"","format":"standard","meta":[],"categories":[8,1,4],"tags":[],"yoast_head":"<!-- This site is optimized with the Yoast SEO plugin v18.6 - https:\/\/yoast.com\/wordpress\/plugins\/seo\/ -->\n<title>L&#039;integrazione del Controllo Accessi nella Rilevazione delle Presenze - Artech Srl<\/title>\n<meta name=\"description\" content=\"Scopri come l&#039;integrazione tra controllo accessi e rilevazione presenze ottimizza la gestione del personale e potenzia la sicurezza aziendale.\" \/>\n<meta name=\"robots\" content=\"index, follow, max-snippet:-1, max-image-preview:large, max-video-preview:-1\" \/>\n<link rel=\"canonical\" href=\"https:\/\/www.artechitalia.com\/web\/lintegrazione-del-controllo-accessi-nella-rilevazione-delle-presenze\/\" \/>\n<meta property=\"og:locale\" content=\"it_IT\" \/>\n<meta property=\"og:type\" content=\"article\" \/>\n<meta property=\"og:title\" content=\"L&#039;integrazione del Controllo Accessi nella Rilevazione delle Presenze - Artech Srl\" \/>\n<meta property=\"og:description\" content=\"Scopri come l&#039;integrazione tra controllo accessi e rilevazione presenze ottimizza la gestione del personale e potenzia la sicurezza aziendale.\" \/>\n<meta property=\"og:url\" content=\"https:\/\/www.artechitalia.com\/web\/lintegrazione-del-controllo-accessi-nella-rilevazione-delle-presenze\/\" \/>\n<meta property=\"og:site_name\" content=\"Artech Srl\" \/>\n<meta property=\"article:published_time\" content=\"2025-03-06T10:23:11+00:00\" \/>\n<meta property=\"article:modified_time\" content=\"2025-04-08T21:24:00+00:00\" \/>\n<meta property=\"og:image\" content=\"https:\/\/www.artechitalia.com\/web\/wp-content\/uploads\/2025\/03\/1954_integrazione_controllo_accessi_rilevazione_presenze.jpg\" \/>\n\t<meta property=\"og:image:width\" content=\"1024\" \/>\n\t<meta property=\"og:image:height\" content=\"1024\" \/>\n\t<meta property=\"og:image:type\" content=\"image\/jpeg\" \/>\n<meta name=\"twitter:card\" content=\"summary\" \/>\n<script type=\"application\/ld+json\" class=\"yoast-schema-graph\">{\"@context\":\"https:\/\/schema.org\",\"@graph\":[{\"@type\":\"WebSite\",\"@id\":\"https:\/\/www.artechitalia.com\/web\/#website\",\"url\":\"https:\/\/www.artechitalia.com\/web\/\",\"name\":\"Artech Srl\",\"description\":\"Sistemi di Identificazione Automatica\",\"potentialAction\":[{\"@type\":\"SearchAction\",\"target\":{\"@type\":\"EntryPoint\",\"urlTemplate\":\"https:\/\/www.artechitalia.com\/web\/?s={search_term_string}\"},\"query-input\":\"required name=search_term_string\"}],\"inLanguage\":\"it-IT\"},{\"@type\":\"ImageObject\",\"@id\":\"https:\/\/www.artechitalia.com\/web\/lintegrazione-del-controllo-accessi-nella-rilevazione-delle-presenze\/#primaryimage\",\"inLanguage\":\"it-IT\",\"url\":\"https:\/\/www.artechitalia.com\/web\/wp-content\/uploads\/2025\/03\/1954_integrazione_controllo_accessi_rilevazione_presenze.jpg\",\"contentUrl\":\"https:\/\/www.artechitalia.com\/web\/wp-content\/uploads\/2025\/03\/1954_integrazione_controllo_accessi_rilevazione_presenze.jpg\",\"width\":1024,\"height\":1024,\"caption\":\"integrazione controllo accessi rilevazione presenze\"},{\"@type\":\"WebPage\",\"@id\":\"https:\/\/www.artechitalia.com\/web\/lintegrazione-del-controllo-accessi-nella-rilevazione-delle-presenze\/#webpage\",\"url\":\"https:\/\/www.artechitalia.com\/web\/lintegrazione-del-controllo-accessi-nella-rilevazione-delle-presenze\/\",\"name\":\"L'integrazione del Controllo Accessi nella Rilevazione delle Presenze - Artech Srl\",\"isPartOf\":{\"@id\":\"https:\/\/www.artechitalia.com\/web\/#website\"},\"primaryImageOfPage\":{\"@id\":\"https:\/\/www.artechitalia.com\/web\/lintegrazione-del-controllo-accessi-nella-rilevazione-delle-presenze\/#primaryimage\"},\"datePublished\":\"2025-03-06T10:23:11+00:00\",\"dateModified\":\"2025-04-08T21:24:00+00:00\",\"author\":{\"@id\":\"https:\/\/www.artechitalia.com\/web\/#\/schema\/person\/7e7d3a07f095e5d48e8f2f2b4c8ec6e5\"},\"description\":\"Scopri come l'integrazione tra controllo accessi e rilevazione presenze ottimizza la gestione del personale e potenzia la sicurezza aziendale.\",\"breadcrumb\":{\"@id\":\"https:\/\/www.artechitalia.com\/web\/lintegrazione-del-controllo-accessi-nella-rilevazione-delle-presenze\/#breadcrumb\"},\"inLanguage\":\"it-IT\",\"potentialAction\":[{\"@type\":\"ReadAction\",\"target\":[\"https:\/\/www.artechitalia.com\/web\/lintegrazione-del-controllo-accessi-nella-rilevazione-delle-presenze\/\"]}]},{\"@type\":\"BreadcrumbList\",\"@id\":\"https:\/\/www.artechitalia.com\/web\/lintegrazione-del-controllo-accessi-nella-rilevazione-delle-presenze\/#breadcrumb\",\"itemListElement\":[{\"@type\":\"ListItem\",\"position\":1,\"name\":\"Home\",\"item\":\"https:\/\/www.artechitalia.com\/web\/\"},{\"@type\":\"ListItem\",\"position\":2,\"name\":\"L&#8217;integrazione del Controllo Accessi nella Rilevazione delle Presenze\"}]},{\"@type\":\"Person\",\"@id\":\"https:\/\/www.artechitalia.com\/web\/#\/schema\/person\/7e7d3a07f095e5d48e8f2f2b4c8ec6e5\",\"name\":\"webmaster\",\"image\":{\"@type\":\"ImageObject\",\"@id\":\"https:\/\/www.artechitalia.com\/web\/#personlogo\",\"inLanguage\":\"it-IT\",\"url\":\"https:\/\/secure.gravatar.com\/avatar\/5fb5c821643d2bba0f66f0a1c85727d8?s=96&d=mm&r=g\",\"contentUrl\":\"https:\/\/secure.gravatar.com\/avatar\/5fb5c821643d2bba0f66f0a1c85727d8?s=96&d=mm&r=g\",\"caption\":\"webmaster\"},\"url\":\"https:\/\/www.artechitalia.com\/web\/author\/webmaster\/\"}]}<\/script>\n<!-- \/ Yoast SEO plugin. -->","yoast_head_json":{"title":"L'integrazione del Controllo Accessi nella Rilevazione delle Presenze - Artech Srl","description":"Scopri come l'integrazione tra controllo accessi e rilevazione presenze ottimizza la gestione del personale e potenzia la sicurezza aziendale.","robots":{"index":"index","follow":"follow","max-snippet":"max-snippet:-1","max-image-preview":"max-image-preview:large","max-video-preview":"max-video-preview:-1"},"canonical":"https:\/\/www.artechitalia.com\/web\/lintegrazione-del-controllo-accessi-nella-rilevazione-delle-presenze\/","og_locale":"it_IT","og_type":"article","og_title":"L'integrazione del Controllo Accessi nella Rilevazione delle Presenze - Artech Srl","og_description":"Scopri come l'integrazione tra controllo accessi e rilevazione presenze ottimizza la gestione del personale e potenzia la sicurezza aziendale.","og_url":"https:\/\/www.artechitalia.com\/web\/lintegrazione-del-controllo-accessi-nella-rilevazione-delle-presenze\/","og_site_name":"Artech Srl","article_published_time":"2025-03-06T10:23:11+00:00","article_modified_time":"2025-04-08T21:24:00+00:00","og_image":[{"width":1024,"height":1024,"url":"https:\/\/www.artechitalia.com\/web\/wp-content\/uploads\/2025\/03\/1954_integrazione_controllo_accessi_rilevazione_presenze.jpg","type":"image\/jpeg"}],"twitter_card":"summary","schema":{"@context":"https:\/\/schema.org","@graph":[{"@type":"WebSite","@id":"https:\/\/www.artechitalia.com\/web\/#website","url":"https:\/\/www.artechitalia.com\/web\/","name":"Artech Srl","description":"Sistemi di Identificazione Automatica","potentialAction":[{"@type":"SearchAction","target":{"@type":"EntryPoint","urlTemplate":"https:\/\/www.artechitalia.com\/web\/?s={search_term_string}"},"query-input":"required name=search_term_string"}],"inLanguage":"it-IT"},{"@type":"ImageObject","@id":"https:\/\/www.artechitalia.com\/web\/lintegrazione-del-controllo-accessi-nella-rilevazione-delle-presenze\/#primaryimage","inLanguage":"it-IT","url":"https:\/\/www.artechitalia.com\/web\/wp-content\/uploads\/2025\/03\/1954_integrazione_controllo_accessi_rilevazione_presenze.jpg","contentUrl":"https:\/\/www.artechitalia.com\/web\/wp-content\/uploads\/2025\/03\/1954_integrazione_controllo_accessi_rilevazione_presenze.jpg","width":1024,"height":1024,"caption":"integrazione controllo accessi rilevazione presenze"},{"@type":"WebPage","@id":"https:\/\/www.artechitalia.com\/web\/lintegrazione-del-controllo-accessi-nella-rilevazione-delle-presenze\/#webpage","url":"https:\/\/www.artechitalia.com\/web\/lintegrazione-del-controllo-accessi-nella-rilevazione-delle-presenze\/","name":"L'integrazione del Controllo Accessi nella Rilevazione delle Presenze - Artech Srl","isPartOf":{"@id":"https:\/\/www.artechitalia.com\/web\/#website"},"primaryImageOfPage":{"@id":"https:\/\/www.artechitalia.com\/web\/lintegrazione-del-controllo-accessi-nella-rilevazione-delle-presenze\/#primaryimage"},"datePublished":"2025-03-06T10:23:11+00:00","dateModified":"2025-04-08T21:24:00+00:00","author":{"@id":"https:\/\/www.artechitalia.com\/web\/#\/schema\/person\/7e7d3a07f095e5d48e8f2f2b4c8ec6e5"},"description":"Scopri come l'integrazione tra controllo accessi e rilevazione presenze ottimizza la gestione del personale e potenzia la sicurezza aziendale.","breadcrumb":{"@id":"https:\/\/www.artechitalia.com\/web\/lintegrazione-del-controllo-accessi-nella-rilevazione-delle-presenze\/#breadcrumb"},"inLanguage":"it-IT","potentialAction":[{"@type":"ReadAction","target":["https:\/\/www.artechitalia.com\/web\/lintegrazione-del-controllo-accessi-nella-rilevazione-delle-presenze\/"]}]},{"@type":"BreadcrumbList","@id":"https:\/\/www.artechitalia.com\/web\/lintegrazione-del-controllo-accessi-nella-rilevazione-delle-presenze\/#breadcrumb","itemListElement":[{"@type":"ListItem","position":1,"name":"Home","item":"https:\/\/www.artechitalia.com\/web\/"},{"@type":"ListItem","position":2,"name":"L&#8217;integrazione del Controllo Accessi nella Rilevazione delle Presenze"}]},{"@type":"Person","@id":"https:\/\/www.artechitalia.com\/web\/#\/schema\/person\/7e7d3a07f095e5d48e8f2f2b4c8ec6e5","name":"webmaster","image":{"@type":"ImageObject","@id":"https:\/\/www.artechitalia.com\/web\/#personlogo","inLanguage":"it-IT","url":"https:\/\/secure.gravatar.com\/avatar\/5fb5c821643d2bba0f66f0a1c85727d8?s=96&d=mm&r=g","contentUrl":"https:\/\/secure.gravatar.com\/avatar\/5fb5c821643d2bba0f66f0a1c85727d8?s=96&d=mm&r=g","caption":"webmaster"},"url":"https:\/\/www.artechitalia.com\/web\/author\/webmaster\/"}]}},"_links":{"self":[{"href":"https:\/\/www.artechitalia.com\/web\/wp-json\/wp\/v2\/posts\/4103"}],"collection":[{"href":"https:\/\/www.artechitalia.com\/web\/wp-json\/wp\/v2\/posts"}],"about":[{"href":"https:\/\/www.artechitalia.com\/web\/wp-json\/wp\/v2\/types\/post"}],"author":[{"embeddable":true,"href":"https:\/\/www.artechitalia.com\/web\/wp-json\/wp\/v2\/users\/1"}],"replies":[{"embeddable":true,"href":"https:\/\/www.artechitalia.com\/web\/wp-json\/wp\/v2\/comments?post=4103"}],"version-history":[{"count":2,"href":"https:\/\/www.artechitalia.com\/web\/wp-json\/wp\/v2\/posts\/4103\/revisions"}],"predecessor-version":[{"id":4105,"href":"https:\/\/www.artechitalia.com\/web\/wp-json\/wp\/v2\/posts\/4103\/revisions\/4105"}],"wp:featuredmedia":[{"embeddable":true,"href":"https:\/\/www.artechitalia.com\/web\/wp-json\/wp\/v2\/media\/3848"}],"wp:attachment":[{"href":"https:\/\/www.artechitalia.com\/web\/wp-json\/wp\/v2\/media?parent=4103"}],"wp:term":[{"taxonomy":"category","embeddable":true,"href":"https:\/\/www.artechitalia.com\/web\/wp-json\/wp\/v2\/categories?post=4103"},{"taxonomy":"post_tag","embeddable":true,"href":"https:\/\/www.artechitalia.com\/web\/wp-json\/wp\/v2\/tags?post=4103"}],"curies":[{"name":"wp","href":"https:\/\/api.w.org\/{rel}","templated":true}]}}